{"id":14207,"date":"2024-08-06T09:00:24","date_gmt":"2024-08-06T07:00:24","guid":{"rendered":"https:\/\/www.moncoyote.com\/blog\/?p=14207"},"modified":"2024-07-22T16:41:37","modified_gmt":"2024-07-22T14:41:37","slug":"prime-a-la-conversion-une-seconde-vie-pour-certains-vehicules-eligibles","status":"publish","type":"post","link":"https:\/\/www.moncoyote.com\/blog\/actualites-securite-routiere\/prime-a-la-conversion-une-seconde-vie-pour-certains-vehicules-eligibles\/","title":{"rendered":"Prime \u00e0 la conversion : une seconde vie pour certains v\u00e9hicules \u00e9ligibles"},"content":{"rendered":"<p>L\u2019an dernier, plusieurs s\u00e9nateurs \u00e9cologistes d\u00e9posaient une proposition de loi visant \u00e0 r\u00e9viser la prime \u00e0 la conversion. Leur objectif\u00a0? Donner une \u00ab\u00a0seconde vie\u00a0\u00bb aux v\u00e9hicules \u00e9ligibles initialement destin\u00e9s \u00e0 partir \u00e0 la casse. Le 27 mars 2024, la proposition de loi a \u00e9t\u00e9 adopt\u00e9e \u00e0 l\u2019unanimit\u00e9 par le Parlement. Le blog Coyote vous en dit plus sur son application.<\/p>\n<h2><span style=\"text-transform: none;color: #64e61e\">R\u00e9vision de la prime \u00e0 la conversion<\/span><\/h2>\n<p>Instaur\u00e9e en 2015, la prime \u00e0 la conversion (aussi nomm\u00e9e prime \u00e0 la casse) est un bonus qui est devenu tr\u00e8s populaire aupr\u00e8s des Fran\u00e7ais ces derni\u00e8res ann\u00e9es. Destin\u00e9e aux particuliers et aux professionnels, la prime permet de percevoir une aide financi\u00e8re pour l\u2019achat d\u2019un v\u00e9hicule neuf ou d\u2019occasion en \u00e9change de la mise au rebut d\u2019une ancienne voiture plus polluante. Jusqu\u2019\u00e0 r\u00e9cemment, les v\u00e9hicules \u00e9ligibles au dispositif \u00e9taient purement et simplement jet\u00e9s \u00e0 la casse. C\u2019est cette modalit\u00e9 que la nouvelle loi a r\u00e9cemment modifi\u00e9e\u00a0: d\u00e9sormais, les v\u00e9hicules en bon \u00e9tat ne seront plus syst\u00e9matiquement d\u00e9truits. Comme l\u2019avaient souhait\u00e9 les s\u00e9nateurs \u00e9cologistes, ces v\u00e9hicules ont d\u00e9sormais droit \u00e0 une \u00ab\u00a0seconde vie\u00a0\u00bb.<\/p>\n<h2><span style=\"color: #64e61e\">Prime \u00e0 la conversion : quelle seconde vie pour les voitures en bon \u00e9tat ?<\/span><\/h2>\n<p>Depuis le 27 mars 2024, les v\u00e9hicules \u00e9ligibles \u00e0 la prime \u00e0 la conversion peuvent, sous certaines conditions, \u00eatre r\u00e9cup\u00e9r\u00e9s par les collectivit\u00e9s territoriales (et plus pr\u00e9cis\u00e9ment par les autorit\u00e9s organisatrices de mobilit\u00e9). Ces derni\u00e8res ont pour mission de les louer \u00e0 un public connaissant une situation de \u00ab\u00a0vuln\u00e9rabilit\u00e9 \u00e9conomique ou sociale\u00a0\u00bb &#8211; ou de les remettre \u00e0 des associations reconnues d\u2019utilit\u00e9 publique, ou qui agissent pour les mobilit\u00e9s solidaires (\u00e0 l\u2019image des garages solidaires). Autrement dit, plusieurs v\u00e9hicules \u00e9ligibles peuvent d\u00e9sormais \u00eatre propos\u00e9s en location solidaire (dispositif de location encadr\u00e9 par la loi num\u00e9ro 2024-310 du 5 avril 2024 visant \u00e0 \u00ab\u00a0favoriser le r\u00e9emploi des v\u00e9hicules au service des mobilit\u00e9s durables et solidaires\u00a0\u00bb). Selon plusieurs sources, la mesure concernerait chaque ann\u00e9e environ 20\u00a0000 v\u00e9hicules.<\/p>\n<p>Vous recherchez une aide \u00e0 la conduite capable de vous faire gagner du temps et de renforcer votre s\u00e9curit\u00e9 au volant\u00a0? D\u00e9couvrez l\u2019<a href=\"https:\/\/www.moncoyote.com\/fr\/product\/581\/App-Coyote.html\" target=\"_blank\" rel=\"noopener\">appli Coyote<\/a> qui vous alerte en temps r\u00e9el sur toutes les zones de dangers et de contr\u00f4les pr\u00e9sentes sur vos itin\u00e9raires.<\/p>\n<h2><span style=\"color: #64e61e\">Quelles sont les voitures qui ne partiront pas \u00e0 la casse ?<\/span><\/h2>\n<p>Seuls certains v\u00e9hicules seront remis gracieusement aux autorit\u00e9s organisatrices de la mobilit\u00e9. Il s\u2019agit\u00a0:<\/p>\n<ul>\n<li>Des voitures essences immatricul\u00e9es apr\u00e8s le 1<sup>er<\/sup> janvier 1997<\/li>\n<li>Des v\u00e9hicules l\u00e9gers immatricul\u00e9s \u00e0 partir de 2004<\/li>\n<li>Des voitures \u00e0 moteur thermique transform\u00e9es en voiture hybride ou <a href=\"https:\/\/www.moncoyote.com\/blog\/automobile\/combien-coute-une-voiture-electrique\/\" target=\"_blank\" rel=\"noopener\">\u00e9lectrique<\/a> (selon le proc\u00e9d\u00e9 r\u00e9trofit)<\/li>\n<\/ul>\n<p>Par ailleurs, les v\u00e9hicules doivent \u00e9galement avoir un classement Crit\u2019air 3 ou inf\u00e9rieur pour pouvoir \u00eatre r\u00e9cup\u00e9r\u00e9s et disponibles en location.<\/p>\n<p>\u00c0 savoir\u00a0: la loi pr\u00e9voit une premi\u00e8re \u00e9valuation du dispositif par le Parlement dans 3 ans.<\/p>\n<p>D\u00e9couvrez aussi sur le blog Coyote <a href=\"https:\/\/www.moncoyote.com\/blog\/actualites-automobile\/zfe-en-france-quelles-sont-les-aides-pour-changer-de-voiture\/\" target=\"_blank\" rel=\"noopener\">toutes les aides existantes pour changer de voiture<\/a>.<\/p>\n<h2><span style=\"color: #64e61e\">Comment b\u00e9n\u00e9ficier de la prime \u00e0 la conversion en 2024 ?<\/span><\/h2>\n<p>Plusieurs conditions sont requises pour avoir la prime \u00e0 la conversation en 2024\u00a0:<\/p>\n<ul>\n<li>\u00catre majeur et domicili\u00e9 en France<\/li>\n<li>Acheter un v\u00e9hicule de cat\u00e9gorie M1 (voiture particuli\u00e8re), ou le louer durant une p\u00e9riode sup\u00e9rieure ou \u00e9gale \u00e0 2 ans<\/li>\n<li>Avoir un revenu fiscal de r\u00e9f\u00e9rence par part inf\u00e9rieur ou \u00e9gal \u00e0 24\u00a0900 euros \u2013 ou 15\u00a0400 euros pour une \u00ab\u00a0voiture dont la source d\u2019\u00e9nergie inclut l\u2019essence, le gaz naturel, le GPL, l\u2019\u00e9thanol ou le super \u00e9thanol\u00a0\u00bb<\/li>\n<\/ul>\n<p>Par ailleurs, la prime \u00e0 la conversion ne peut \u00eatre attribu\u00e9e qu\u2019une seule fois.<\/p>\n<p>Retrouvez sur le <a href=\"https:\/\/www.moncoyote.com\/blog\/\" target=\"_blank\" rel=\"noopener\">blog Coyote<\/a> toute l\u2019actualit\u00e9 du secteur automobile\u00a0!<\/p>\n","protected":false},"excerpt":{"rendered":"<p>L\u2019an dernier, plusieurs s\u00e9nateurs \u00e9cologistes d\u00e9posaient une proposition de loi visant \u00e0 r\u00e9viser la prime \u00e0 la conversion. Leur objectif\u00a0? [&hellip;]<\/p>\n","protected":false},"author":104,"featured_media":14209,"comment_status":"open","ping_status":"open","sticky":false,"template":"","format":"standard","meta":{"_acf_changed":false,"footnotes":""},"categories":[26],"tags":[],"class_list":["post-14207","post","type-post","status-publish","format-standard","has-post-thumbnail","hentry","category-actualites-securite-routiere"],"acf":[],"yoast_head":"<!-- This site is optimized with the Yoast SEO plugin v25.9 - https:\/\/yoast.com\/wordpress\/plugins\/seo\/ -->\n<title>Prime \u00e0 la conversion : quel fonctionnement en 2024 ? | Coyote<\/title>\n<meta name=\"description\" content=\"D\u00e9couvrez tout ce qu\u2019il faut savoir sur le nouveau fonctionnement de la prime \u00e0 la conversion 2024 et sur la location de certaines voitures \u00e9ligibles.\" \/>\n<meta name=\"robots\" content=\"index, follow, max-snippet:-1, max-image-preview:large, max-video-preview:-1\" \/>\n<link rel=\"canonical\" href=\"https:\/\/www.moncoyote.com\/blog\/actualites-securite-routiere\/prime-a-la-conversion-une-seconde-vie-pour-certains-vehicules-eligibles\/\" \/>\n<meta property=\"og:locale\" content=\"fr_FR\" \/>\n<meta property=\"og:type\" content=\"article\" \/>\n<meta property=\"og:title\" content=\"Prime \u00e0 la conversion : quel fonctionnement en 2024 ? | Coyote\" \/>\n<meta property=\"og:description\" content=\"D\u00e9couvrez tout ce qu\u2019il faut savoir sur le nouveau fonctionnement de la prime \u00e0 la conversion 2024 et sur la location de certaines voitures \u00e9ligibles.\" \/>\n<meta property=\"og:url\" content=\"https:\/\/www.moncoyote.com\/blog\/actualites-securite-routiere\/prime-a-la-conversion-une-seconde-vie-pour-certains-vehicules-eligibles\/\" \/>\n<meta property=\"og:site_name\" content=\"Le Blog Coyote\" \/>\n<meta property=\"article:publisher\" content=\"https:\/\/fr-fr.facebook.com\/CoyoteFrance\" \/>\n<meta property=\"article:published_time\" content=\"2024-08-06T07:00:24+00:00\" \/>\n<meta property=\"og:image\" content=\"https:\/\/medias.coyotesystems.com\/wordpress\/sites\/16\/2024\/07\/Prime-a-la-conversion.jpg\" \/>\n\t<meta property=\"og:image:width\" content=\"1920\" \/>\n\t<meta property=\"og:image:height\" content=\"1280\" \/>\n\t<meta property=\"og:image:type\" content=\"image\/jpeg\" \/>\n<meta name=\"author\" content=\"Julien\" \/>\n<meta name=\"twitter:card\" content=\"summary_large_image\" \/>\n<meta name=\"twitter:creator\" content=\"@coyote_officiel\" \/>\n<meta name=\"twitter:site\" content=\"@coyote_officiel\" \/>\n<meta name=\"twitter:label1\" content=\"Written by\" \/>\n\t<meta name=\"twitter:data1\" content=\"Julien\" \/>\n\t<meta name=\"twitter:label2\" content=\"Est. reading time\" \/>\n\t<meta name=\"twitter:data2\" content=\"4 minutes\" \/>\n<script type=\"application\/ld+json\" class=\"yoast-schema-graph\">{\"@context\":\"https:\/\/schema.org\",\"@graph\":[{\"@type\":\"Article\",\"@id\":\"https:\/\/www.moncoyote.com\/blog\/actualites-securite-routiere\/prime-a-la-conversion-une-seconde-vie-pour-certains-vehicules-eligibles\/#article\",\"isPartOf\":{\"@id\":\"https:\/\/www.moncoyote.com\/blog\/actualites-securite-routiere\/prime-a-la-conversion-une-seconde-vie-pour-certains-vehicules-eligibles\/\"},\"author\":{\"name\":\"Julien\",\"@id\":\"https:\/\/www.moncoyote.com\/blog\/#\/schema\/person\/4e81cd0174a9bb89856a6d138de888e5\"},\"headline\":\"Prime \u00e0 la conversion : une seconde vie pour certains v\u00e9hicules \u00e9ligibles\",\"datePublished\":\"2024-08-06T07:00:24+00:00\",\"mainEntityOfPage\":{\"@id\":\"https:\/\/www.moncoyote.com\/blog\/actualites-securite-routiere\/prime-a-la-conversion-une-seconde-vie-pour-certains-vehicules-eligibles\/\"},\"wordCount\":646,\"commentCount\":0,\"publisher\":{\"@id\":\"https:\/\/www.moncoyote.com\/blog\/#organization\"},\"image\":{\"@id\":\"https:\/\/www.moncoyote.com\/blog\/actualites-securite-routiere\/prime-a-la-conversion-une-seconde-vie-pour-certains-vehicules-eligibles\/#primaryimage\"},\"thumbnailUrl\":\"https:\/\/medias.coyotesystems.com\/wordpress\/sites\/16\/2024\/07\/Prime-a-la-conversion.jpg\",\"articleSection\":[\"Actualite\u0301s\"],\"inLanguage\":\"fr-FR\",\"potentialAction\":[{\"@type\":\"CommentAction\",\"name\":\"Comment\",\"target\":[\"https:\/\/www.moncoyote.com\/blog\/actualites-securite-routiere\/prime-a-la-conversion-une-seconde-vie-pour-certains-vehicules-eligibles\/#respond\"]}]},{\"@type\":\"WebPage\",\"@id\":\"https:\/\/www.moncoyote.com\/blog\/actualites-securite-routiere\/prime-a-la-conversion-une-seconde-vie-pour-certains-vehicules-eligibles\/\",\"url\":\"https:\/\/www.moncoyote.com\/blog\/actualites-securite-routiere\/prime-a-la-conversion-une-seconde-vie-pour-certains-vehicules-eligibles\/\",\"name\":\"Prime \u00e0 la conversion : quel fonctionnement en 2024 ? | Coyote\",\"isPartOf\":{\"@id\":\"https:\/\/www.moncoyote.com\/blog\/#website\"},\"primaryImageOfPage\":{\"@id\":\"https:\/\/www.moncoyote.com\/blog\/actualites-securite-routiere\/prime-a-la-conversion-une-seconde-vie-pour-certains-vehicules-eligibles\/#primaryimage\"},\"image\":{\"@id\":\"https:\/\/www.moncoyote.com\/blog\/actualites-securite-routiere\/prime-a-la-conversion-une-seconde-vie-pour-certains-vehicules-eligibles\/#primaryimage\"},\"thumbnailUrl\":\"https:\/\/medias.coyotesystems.com\/wordpress\/sites\/16\/2024\/07\/Prime-a-la-conversion.jpg\",\"datePublished\":\"2024-08-06T07:00:24+00:00\",\"description\":\"D\u00e9couvrez tout ce qu\u2019il faut savoir sur le nouveau fonctionnement de la prime \u00e0 la conversion 2024 et sur la location de certaines voitures \u00e9ligibles.\",\"breadcrumb\":{\"@id\":\"https:\/\/www.moncoyote.com\/blog\/actualites-securite-routiere\/prime-a-la-conversion-une-seconde-vie-pour-certains-vehicules-eligibles\/#breadcrumb\"},\"inLanguage\":\"fr-FR\",\"potentialAction\":[{\"@type\":\"ReadAction\",\"target\":[\"https:\/\/www.moncoyote.com\/blog\/actualites-securite-routiere\/prime-a-la-conversion-une-seconde-vie-pour-certains-vehicules-eligibles\/\"]}]},{\"@type\":\"ImageObject\",\"inLanguage\":\"fr-FR\",\"@id\":\"https:\/\/www.moncoyote.com\/blog\/actualites-securite-routiere\/prime-a-la-conversion-une-seconde-vie-pour-certains-vehicules-eligibles\/#primaryimage\",\"url\":\"https:\/\/medias.coyotesystems.com\/wordpress\/sites\/16\/2024\/07\/Prime-a-la-conversion.jpg\",\"contentUrl\":\"https:\/\/medias.coyotesystems.com\/wordpress\/sites\/16\/2024\/07\/Prime-a-la-conversion.jpg\",\"width\":1920,\"height\":1280,\"caption\":\"Prime \u00e0 la conversion\"},{\"@type\":\"BreadcrumbList\",\"@id\":\"https:\/\/www.moncoyote.com\/blog\/actualites-securite-routiere\/prime-a-la-conversion-une-seconde-vie-pour-certains-vehicules-eligibles\/#breadcrumb\",\"itemListElement\":[{\"@type\":\"ListItem\",\"position\":1,\"name\":\"Accueil\",\"item\":\"https:\/\/www.moncoyote.com\/blog\/\"},{\"@type\":\"ListItem\",\"position\":2,\"name\":\"Actualite\u0301s\",\"item\":\"https:\/\/www.moncoyote.com\/blog\/actualites-securite-routiere\/\"},{\"@type\":\"ListItem\",\"position\":3,\"name\":\"Prime \u00e0 la conversion : une seconde vie pour certains v\u00e9hicules \u00e9ligibles\"}]},{\"@type\":\"WebSite\",\"@id\":\"https:\/\/www.moncoyote.com\/blog\/#website\",\"url\":\"https:\/\/www.moncoyote.com\/blog\/\",\"name\":\"Le Blog Coyote\",\"description\":\"\",\"publisher\":{\"@id\":\"https:\/\/www.moncoyote.com\/blog\/#organization\"},\"potentialAction\":[{\"@type\":\"SearchAction\",\"target\":{\"@type\":\"EntryPoint\",\"urlTemplate\":\"https:\/\/www.moncoyote.com\/blog\/?s={search_term_string}\"},\"query-input\":{\"@type\":\"PropertyValueSpecification\",\"valueRequired\":true,\"valueName\":\"search_term_string\"}}],\"inLanguage\":\"fr-FR\"},{\"@type\":\"Organization\",\"@id\":\"https:\/\/www.moncoyote.com\/blog\/#organization\",\"name\":\"Coyote\",\"url\":\"https:\/\/www.moncoyote.com\/blog\/\",\"logo\":{\"@type\":\"ImageObject\",\"inLanguage\":\"fr-FR\",\"@id\":\"https:\/\/www.moncoyote.com\/blog\/#\/schema\/logo\/image\/\",\"url\":\"https:\/\/medias.coyotesystems.com\/wordpress\/sites\/16\/2024\/10\/Coyote_Logo_RVB_Logo_Fond_Clair.png\",\"contentUrl\":\"https:\/\/medias.coyotesystems.com\/wordpress\/sites\/16\/2024\/10\/Coyote_Logo_RVB_Logo_Fond_Clair.png\",\"width\":1382,\"height\":912,\"caption\":\"Coyote\"},\"image\":{\"@id\":\"https:\/\/www.moncoyote.com\/blog\/#\/schema\/logo\/image\/\"},\"sameAs\":[\"https:\/\/fr-fr.facebook.com\/CoyoteFrance\",\"https:\/\/x.com\/coyote_officiel\",\"https:\/\/www.instagram.com\/moncoyote\/\"]},{\"@type\":\"Person\",\"@id\":\"https:\/\/www.moncoyote.com\/blog\/#\/schema\/person\/4e81cd0174a9bb89856a6d138de888e5\",\"name\":\"Julien\",\"image\":{\"@type\":\"ImageObject\",\"inLanguage\":\"fr-FR\",\"@id\":\"https:\/\/www.moncoyote.com\/blog\/#\/schema\/person\/image\/\",\"url\":\"https:\/\/secure.gravatar.com\/avatar\/943690b3a1df204b9869db1edfb6c098065b9ec2d3beb314790bdddb0466f31b?s=96&d=mm&r=g\",\"contentUrl\":\"https:\/\/secure.gravatar.com\/avatar\/943690b3a1df204b9869db1edfb6c098065b9ec2d3beb314790bdddb0466f31b?s=96&d=mm&r=g\",\"caption\":\"Julien\"}}]}<\/script>\n<!-- \/ Yoast SEO plugin. -->","yoast_head_json":{"title":"Prime \u00e0 la conversion : quel fonctionnement en 2024 ? | Coyote","description":"D\u00e9couvrez tout ce qu\u2019il faut savoir sur le nouveau fonctionnement de la prime \u00e0 la conversion 2024 et sur la location de certaines voitures \u00e9ligibles.","robots":{"index":"index","follow":"follow","max-snippet":"max-snippet:-1","max-image-preview":"max-image-preview:large","max-video-preview":"max-video-preview:-1"},"canonical":"https:\/\/www.moncoyote.com\/blog\/actualites-securite-routiere\/prime-a-la-conversion-une-seconde-vie-pour-certains-vehicules-eligibles\/","og_locale":"fr_FR","og_type":"article","og_title":"Prime \u00e0 la conversion : quel fonctionnement en 2024 ? | Coyote","og_description":"D\u00e9couvrez tout ce qu\u2019il faut savoir sur le nouveau fonctionnement de la prime \u00e0 la conversion 2024 et sur la location de certaines voitures \u00e9ligibles.","og_url":"https:\/\/www.moncoyote.com\/blog\/actualites-securite-routiere\/prime-a-la-conversion-une-seconde-vie-pour-certains-vehicules-eligibles\/","og_site_name":"Le Blog Coyote","article_publisher":"https:\/\/fr-fr.facebook.com\/CoyoteFrance","article_published_time":"2024-08-06T07:00:24+00:00","og_image":[{"width":1920,"height":1280,"url":"https:\/\/medias.coyotesystems.com\/wordpress\/sites\/16\/2024\/07\/Prime-a-la-conversion.jpg","type":"image\/jpeg"}],"author":"Julien","twitter_card":"summary_large_image","twitter_creator":"@coyote_officiel","twitter_site":"@coyote_officiel","twitter_misc":{"Written by":"Julien","Est. reading time":"4 minutes"},"schema":{"@context":"https:\/\/schema.org","@graph":[{"@type":"Article","@id":"https:\/\/www.moncoyote.com\/blog\/actualites-securite-routiere\/prime-a-la-conversion-une-seconde-vie-pour-certains-vehicules-eligibles\/#article","isPartOf":{"@id":"https:\/\/www.moncoyote.com\/blog\/actualites-securite-routiere\/prime-a-la-conversion-une-seconde-vie-pour-certains-vehicules-eligibles\/"},"author":{"name":"Julien","@id":"https:\/\/www.moncoyote.com\/blog\/#\/schema\/person\/4e81cd0174a9bb89856a6d138de888e5"},"headline":"Prime \u00e0 la conversion : une seconde vie pour certains v\u00e9hicules \u00e9ligibles","datePublished":"2024-08-06T07:00:24+00:00","mainEntityOfPage":{"@id":"https:\/\/www.moncoyote.com\/blog\/actualites-securite-routiere\/prime-a-la-conversion-une-seconde-vie-pour-certains-vehicules-eligibles\/"},"wordCount":646,"commentCount":0,"publisher":{"@id":"https:\/\/www.moncoyote.com\/blog\/#organization"},"image":{"@id":"https:\/\/www.moncoyote.com\/blog\/actualites-securite-routiere\/prime-a-la-conversion-une-seconde-vie-pour-certains-vehicules-eligibles\/#primaryimage"},"thumbnailUrl":"https:\/\/medias.coyotesystems.com\/wordpress\/sites\/16\/2024\/07\/Prime-a-la-conversion.jpg","articleSection":["Actualite\u0301s"],"inLanguage":"fr-FR","potentialAction":[{"@type":"CommentAction","name":"Comment","target":["https:\/\/www.moncoyote.com\/blog\/actualites-securite-routiere\/prime-a-la-conversion-une-seconde-vie-pour-certains-vehicules-eligibles\/#respond"]}]},{"@type":"WebPage","@id":"https:\/\/www.moncoyote.com\/blog\/actualites-securite-routiere\/prime-a-la-conversion-une-seconde-vie-pour-certains-vehicules-eligibles\/","url":"https:\/\/www.moncoyote.com\/blog\/actualites-securite-routiere\/prime-a-la-conversion-une-seconde-vie-pour-certains-vehicules-eligibles\/","name":"Prime \u00e0 la conversion : quel fonctionnement en 2024 ? | Coyote","isPartOf":{"@id":"https:\/\/www.moncoyote.com\/blog\/#website"},"primaryImageOfPage":{"@id":"https:\/\/www.moncoyote.com\/blog\/actualites-securite-routiere\/prime-a-la-conversion-une-seconde-vie-pour-certains-vehicules-eligibles\/#primaryimage"},"image":{"@id":"https:\/\/www.moncoyote.com\/blog\/actualites-securite-routiere\/prime-a-la-conversion-une-seconde-vie-pour-certains-vehicules-eligibles\/#primaryimage"},"thumbnailUrl":"https:\/\/medias.coyotesystems.com\/wordpress\/sites\/16\/2024\/07\/Prime-a-la-conversion.jpg","datePublished":"2024-08-06T07:00:24+00:00","description":"D\u00e9couvrez tout ce qu\u2019il faut savoir sur le nouveau fonctionnement de la prime \u00e0 la conversion 2024 et sur la location de certaines voitures \u00e9ligibles.","breadcrumb":{"@id":"https:\/\/www.moncoyote.com\/blog\/actualites-securite-routiere\/prime-a-la-conversion-une-seconde-vie-pour-certains-vehicules-eligibles\/#breadcrumb"},"inLanguage":"fr-FR","potentialAction":[{"@type":"ReadAction","target":["https:\/\/www.moncoyote.com\/blog\/actualites-securite-routiere\/prime-a-la-conversion-une-seconde-vie-pour-certains-vehicules-eligibles\/"]}]},{"@type":"ImageObject","inLanguage":"fr-FR","@id":"https:\/\/www.moncoyote.com\/blog\/actualites-securite-routiere\/prime-a-la-conversion-une-seconde-vie-pour-certains-vehicules-eligibles\/#primaryimage","url":"https:\/\/medias.coyotesystems.com\/wordpress\/sites\/16\/2024\/07\/Prime-a-la-conversion.jpg","contentUrl":"https:\/\/medias.coyotesystems.com\/wordpress\/sites\/16\/2024\/07\/Prime-a-la-conversion.jpg","width":1920,"height":1280,"caption":"Prime \u00e0 la conversion"},{"@type":"BreadcrumbList","@id":"https:\/\/www.moncoyote.com\/blog\/actualites-securite-routiere\/prime-a-la-conversion-une-seconde-vie-pour-certains-vehicules-eligibles\/#breadcrumb","itemListElement":[{"@type":"ListItem","position":1,"name":"Accueil","item":"https:\/\/www.moncoyote.com\/blog\/"},{"@type":"ListItem","position":2,"name":"Actualite\u0301s","item":"https:\/\/www.moncoyote.com\/blog\/actualites-securite-routiere\/"},{"@type":"ListItem","position":3,"name":"Prime \u00e0 la conversion : une seconde vie pour certains v\u00e9hicules \u00e9ligibles"}]},{"@type":"WebSite","@id":"https:\/\/www.moncoyote.com\/blog\/#website","url":"https:\/\/www.moncoyote.com\/blog\/","name":"Le Blog Coyote","description":"","publisher":{"@id":"https:\/\/www.moncoyote.com\/blog\/#organization"},"potentialAction":[{"@type":"SearchAction","target":{"@type":"EntryPoint","urlTemplate":"https:\/\/www.moncoyote.com\/blog\/?s={search_term_string}"},"query-input":{"@type":"PropertyValueSpecification","valueRequired":true,"valueName":"search_term_string"}}],"inLanguage":"fr-FR"},{"@type":"Organization","@id":"https:\/\/www.moncoyote.com\/blog\/#organization","name":"Coyote","url":"https:\/\/www.moncoyote.com\/blog\/","logo":{"@type":"ImageObject","inLanguage":"fr-FR","@id":"https:\/\/www.moncoyote.com\/blog\/#\/schema\/logo\/image\/","url":"https:\/\/medias.coyotesystems.com\/wordpress\/sites\/16\/2024\/10\/Coyote_Logo_RVB_Logo_Fond_Clair.png","contentUrl":"https:\/\/medias.coyotesystems.com\/wordpress\/sites\/16\/2024\/10\/Coyote_Logo_RVB_Logo_Fond_Clair.png","width":1382,"height":912,"caption":"Coyote"},"image":{"@id":"https:\/\/www.moncoyote.com\/blog\/#\/schema\/logo\/image\/"},"sameAs":["https:\/\/fr-fr.facebook.com\/CoyoteFrance","https:\/\/x.com\/coyote_officiel","https:\/\/www.instagram.com\/moncoyote\/"]},{"@type":"Person","@id":"https:\/\/www.moncoyote.com\/blog\/#\/schema\/person\/4e81cd0174a9bb89856a6d138de888e5","name":"Julien","image":{"@type":"ImageObject","inLanguage":"fr-FR","@id":"https:\/\/www.moncoyote.com\/blog\/#\/schema\/person\/image\/","url":"https:\/\/secure.gravatar.com\/avatar\/943690b3a1df204b9869db1edfb6c098065b9ec2d3beb314790bdddb0466f31b?s=96&d=mm&r=g","contentUrl":"https:\/\/secure.gravatar.com\/avatar\/943690b3a1df204b9869db1edfb6c098065b9ec2d3beb314790bdddb0466f31b?s=96&d=mm&r=g","caption":"Julien"}}]}},"_links":{"self":[{"href":"https:\/\/www.moncoyote.com\/blog\/wp-json\/wp\/v2\/posts\/14207","targetHints":{"allow":["GET"]}}],"collection":[{"href":"https:\/\/www.moncoyote.com\/blog\/wp-json\/wp\/v2\/posts"}],"about":[{"href":"https:\/\/www.moncoyote.com\/blog\/wp-json\/wp\/v2\/types\/post"}],"author":[{"embeddable":true,"href":"https:\/\/www.moncoyote.com\/blog\/wp-json\/wp\/v2\/users\/104"}],"replies":[{"embeddable":true,"href":"https:\/\/www.moncoyote.com\/blog\/wp-json\/wp\/v2\/comments?post=14207"}],"version-history":[{"count":1,"href":"https:\/\/www.moncoyote.com\/blog\/wp-json\/wp\/v2\/posts\/14207\/revisions"}],"predecessor-version":[{"id":14211,"href":"https:\/\/www.moncoyote.com\/blog\/wp-json\/wp\/v2\/posts\/14207\/revisions\/14211"}],"wp:featuredmedia":[{"embeddable":true,"href":"https:\/\/www.moncoyote.com\/blog\/wp-json\/wp\/v2\/media\/14209"}],"wp:attachment":[{"href":"https:\/\/www.moncoyote.com\/blog\/wp-json\/wp\/v2\/media?parent=14207"}],"wp:term":[{"taxonomy":"category","embeddable":true,"href":"https:\/\/www.moncoyote.com\/blog\/wp-json\/wp\/v2\/categories?post=14207"},{"taxonomy":"post_tag","embeddable":true,"href":"https:\/\/www.moncoyote.com\/blog\/wp-json\/wp\/v2\/tags?post=14207"}],"curies":[{"name":"wp","href":"https:\/\/api.w.org\/{rel}","templated":true}]}}